{"id":6256,"date":"2021-12-14T11:39:39","date_gmt":"2021-12-14T11:39:39","guid":{"rendered":"https:\/\/osmangaziokullari.com\/yildirim-k\/?p=6256"},"modified":"2021-12-14T14:13:00","modified_gmt":"2021-12-14T14:13:00","slug":"gelecegin-mucitleri-yarismasi","status":"publish","type":"post","link":"https:\/\/osmangaziokullari.com\/yildirim-k\/gelecegin-mucitleri-yarismasi\/","title":{"rendered":"GELECE\u011e\u0130N MUC\u0130TLER\u0130 YARI\u015eMASI"},"content":{"rendered":"\n<p>Teknolojiyi etkili kullanmak i\u00e7in, k\u00fc\u00e7\u00fck ya\u015flardan itibaren olu\u015fmas\u0131 gereken bilincin desteklenmesi gerekmektedir. Bu destek, \u00e7ocuklar\u0131n hayal g\u00fc\u00e7lerini zenginle\u015ftiren ve onlara beyin f\u0131rt\u0131nalar\u0131 yapma noktas\u0131nda \u00f6nc\u00fc olma niteli\u011fi ta\u015f\u0131mal\u0131d\u0131r.<\/p>\n\n\n\n<p>Osmangazi okullar\u0131 Y\u0131ld\u0131r\u0131m Kamp\u00fcs\u00fc olarak geli\u015fen teknolojiye ayak uyduran geli\u015fen bir nesil yeti\u015ftirmeyi \u00f6nemsiyoruz. Okulumuz b\u00fcnyesinde ger\u00e7ekle\u015ftirdi\u011fimiz \u201cGelece\u011fin Mucitleri\u201d temal\u0131 yar\u0131\u015fmam\u0131zda, faydal\u0131 ve ilgin\u00e7 pek \u00e7ok proje yerini ald\u0131. Teknolojiyi kullanarak g\u00fcnl\u00fck ya\u015famda kar\u015f\u0131la\u015ft\u0131\u011f\u0131m\u0131z ve kar\u015f\u0131la\u015fabilece\u011fimiz problemlere \u00e7\u00f6z\u00fcm \u00fcreten projeler ile heyecanl\u0131 bir yar\u0131\u015fma atmosferi olu\u015ftu. \u00d6\u011frencilerimizin yenilik\u00e7i fikirlerini j\u00fcri \u00fcyelerine savundu yar\u0131\u015fmada, birbirinden g\u00fczel ve \u00f6zel projeler yer ald\u0131.<\/p>\n\n\n\n<p>Projeler aras\u0131nda dereceye diren:<\/p>\n\n\n\n<p>\ud83e\udd47 <strong>Ahmet Selim KURBAN <\/strong>birinci,<\/p>\n\n\n\n<p>\ud83e\udd48 <strong>G\u00fclsena BALARBAN <\/strong>ikinci,<\/p>\n\n\n\n<p>\ud83e\udd49 <strong>Amine Nur ATIL <\/strong>\u00fc\u00e7\u00fcnc\u00fc olmu\u015ftur.<\/p>\n\n\n\n<p>Ba\u015far\u0131lar\u0131ndan \u00f6t\u00fcr\u00fc \u00f6\u011frencilerimizi tebrik ederiz.<\/p>\n\n\n\n<figure class=\"wp-block-gallery columns-3 is-cropped wp-block-gallery-1 is-layout-flex wp-block-gallery-is-layout-flex\"><ul class=\"blocks-gallery-grid\"><li class=\"blocks-gallery-item\"><figure><img loading=\"lazy\" decoding=\"async\" width=\"724\" height=\"1024\" src=\"https:\/\/osmangaziokullari.com\/yildirim-k\/wp-content\/uploads\/2021\/12\/1.-amine-nur-atil-724x1024.png\" alt=\"\" data-id=\"6258\" data-link=\"https:\/\/osmangaziokullari.com\/yildirim-k\/?attachment_id=6258#main\" class=\"wp-image-6258\" srcset=\"https:\/\/osmangaziokullari.com\/yildirim-k\/wp-content\/uploads\/2021\/12\/1.-amine-nur-atil-724x1024.png 724w, https:\/\/osmangaziokullari.com\/yildirim-k\/wp-content\/uploads\/2021\/12\/1.-amine-nur-atil-212x300.png 212w, https:\/\/osmangaziokullari.com\/yildirim-k\/wp-content\/uploads\/2021\/12\/1.-amine-nur-atil-768x1086.png 768w, https:\/\/osmangaziokullari.com\/yildirim-k\/wp-content\/uploads\/2021\/12\/1.-amine-nur-atil-1086x1536.png 1086w, https:\/\/osmangaziokullari.com\/yildirim-k\/wp-content\/uploads\/2021\/12\/1.-amine-nur-atil-1448x2048.png 1448w, https:\/\/osmangaziokullari.com\/yildirim-k\/wp-content\/uploads\/2021\/12\/1.-amine-nur-atil-510x721.png 510w, https:\/\/osmangaziokullari.com\/yildirim-k\/wp-content\/uploads\/2021\/12\/1.-amine-nur-atil.png 1131w\" sizes=\"auto, (max-width: 724px) 100vw, 724px\" \/><\/figure><\/li><li class=\"blocks-gallery-item\"><figure><img loading=\"lazy\" decoding=\"async\" width=\"724\" height=\"1024\" src=\"https:\/\/osmangaziokullari.com\/yildirim-k\/wp-content\/uploads\/2021\/12\/2.-Gulsena-BALARBAN-724x1024.png\" alt=\"\" data-id=\"6260\" data-link=\"https:\/\/osmangaziokullari.com\/yildirim-k\/?attachment_id=6260#main\" class=\"wp-image-6260\" srcset=\"https:\/\/osmangaziokullari.com\/yildirim-k\/wp-content\/uploads\/2021\/12\/2.-Gulsena-BALARBAN-724x1024.png 724w, https:\/\/osmangaziokullari.com\/yildirim-k\/wp-content\/uploads\/2021\/12\/2.-Gulsena-BALARBAN-212x300.png 212w, https:\/\/osmangaziokullari.com\/yildirim-k\/wp-content\/uploads\/2021\/12\/2.-Gulsena-BALARBAN-768x1086.png 768w, https:\/\/osmangaziokullari.com\/yildirim-k\/wp-content\/uploads\/2021\/12\/2.-Gulsena-BALARBAN-1086x1536.png 1086w, https:\/\/osmangaziokullari.com\/yildirim-k\/wp-content\/uploads\/2021\/12\/2.-Gulsena-BALARBAN-1448x2048.png 1448w, https:\/\/osmangaziokullari.com\/yildirim-k\/wp-content\/uploads\/2021\/12\/2.-Gulsena-BALARBAN-510x721.png 510w, https:\/\/osmangaziokullari.com\/yildirim-k\/wp-content\/uploads\/2021\/12\/2.-Gulsena-BALARBAN.png 1131w\" sizes=\"auto, (max-width: 724px) 100vw, 724px\" \/><\/figure><\/li><li class=\"blocks-gallery-item\"><figure><img loading=\"lazy\" decoding=\"async\" width=\"724\" height=\"1024\" src=\"https:\/\/osmangaziokullari.com\/yildirim-k\/wp-content\/uploads\/2021\/12\/3.-Ahmet-Selim-KURBAN-1-724x1024.png\" alt=\"\" data-id=\"6264\" data-full-url=\"https:\/\/osmangaziokullari.com\/yildirim-k\/wp-content\/uploads\/2021\/12\/3.-Ahmet-Selim-KURBAN-1.png\" data-link=\"https:\/\/osmangaziokullari.com\/yildirim-k\/gelecegin-mucitleri-yarismasi\/3-ahmet-selim-kurban-1\/#main\" class=\"wp-image-6264\" srcset=\"https:\/\/osmangaziokullari.com\/yildirim-k\/wp-content\/uploads\/2021\/12\/3.-Ahmet-Selim-KURBAN-1-724x1024.png 724w, https:\/\/osmangaziokullari.com\/yildirim-k\/wp-content\/uploads\/2021\/12\/3.-Ahmet-Selim-KURBAN-1-212x300.png 212w, https:\/\/osmangaziokullari.com\/yildirim-k\/wp-content\/uploads\/2021\/12\/3.-Ahmet-Selim-KURBAN-1-768x1086.png 768w, https:\/\/osmangaziokullari.com\/yildirim-k\/wp-content\/uploads\/2021\/12\/3.-Ahmet-Selim-KURBAN-1-1086x1536.png 1086w, https:\/\/osmangaziokullari.com\/yildirim-k\/wp-content\/uploads\/2021\/12\/3.-Ahmet-Selim-KURBAN-1-1448x2048.png 1448w, https:\/\/osmangaziokullari.com\/yildirim-k\/wp-content\/uploads\/2021\/12\/3.-Ahmet-Selim-KURBAN-1-510x721.png 510w, https:\/\/osmangaziokullari.com\/yildirim-k\/wp-content\/uploads\/2021\/12\/3.-Ahmet-Selim-KURBAN-1.png 1131w\" sizes=\"auto, (max-width: 724px) 100vw, 724px\" \/><\/figure><\/li><\/ul><\/figure>\n","protected":false},"excerpt":{"rendered":"<p>Teknolojiyi etkili kullanmak i\u00e7in, k\u00fc\u00e7\u00fck ya\u015flardan itibaren olu\u015fmas\u0131 gereken bilincin desteklenmesi gerekmektedir. Bu destek, \u00e7ocuklar\u0131n hayal g\u00fc\u00e7lerini zenginle\u015ftiren ve onlara beyin f\u0131rt\u0131nalar\u0131 yapma noktas\u0131nda \u00f6nc\u00fc olma niteli\u011fi ta\u015f\u0131mal\u0131d\u0131r. Osmangazi okullar\u0131 Y\u0131ld\u0131r\u0131m Kamp\u00fcs\u00fc olarak geli\u015fen teknolojiye ayak uyduran geli\u015fen bir nesil yeti\u015ftirmeyi \u00f6nemsiyoruz. Okulumuz b\u00fcnyesinde ger\u00e7ekle\u015ftirdi\u011fimiz \u201cGelece\u011fin Mucitleri\u201d temal\u0131 yar\u0131\u015fmam\u0131zda, faydal\u0131 ve ilgin\u00e7 pek \u00e7ok proje [&#8230;]\n","protected":false},"author":4,"featured_media":6259,"comment_status":"closed","ping_status":"closed","sticky":false,"template":"","format":"standard","meta":{"footnotes":""},"categories":[35],"tags":[],"class_list":["post-6256","post","type-post","status-publish","format-standard","has-post-thumbnail","hentry","category-duyurular"],"_links":{"self":[{"href":"https:\/\/osmangaziokullari.com\/yildirim-k\/wp-json\/wp\/v2\/posts\/6256","targetHints":{"allow":["GET"]}}],"collection":[{"href":"https:\/\/osmangaziokullari.com\/yildirim-k\/wp-json\/wp\/v2\/posts"}],"about":[{"href":"https:\/\/osmangaziokullari.com\/yildirim-k\/wp-json\/wp\/v2\/types\/post"}],"author":[{"embeddable":true,"href":"https:\/\/osmangaziokullari.com\/yildirim-k\/wp-json\/wp\/v2\/users\/4"}],"replies":[{"embeddable":true,"href":"https:\/\/osmangaziokullari.com\/yildirim-k\/wp-json\/wp\/v2\/comments?post=6256"}],"version-history":[{"count":1,"href":"https:\/\/osmangaziokullari.com\/yildirim-k\/wp-json\/wp\/v2\/posts\/6256\/revisions"}],"predecessor-version":[{"id":6266,"href":"https:\/\/osmangaziokullari.com\/yildirim-k\/wp-json\/wp\/v2\/posts\/6256\/revisions\/6266"}],"wp:featuredmedia":[{"embeddable":true,"href":"https:\/\/osmangaziokullari.com\/yildirim-k\/wp-json\/wp\/v2\/media\/6259"}],"wp:attachment":[{"href":"https:\/\/osmangaziokullari.com\/yildirim-k\/wp-json\/wp\/v2\/media?parent=6256"}],"wp:term":[{"taxonomy":"category","embeddable":true,"href":"https:\/\/osmangaziokullari.com\/yildirim-k\/wp-json\/wp\/v2\/categories?post=6256"},{"taxonomy":"post_tag","embeddable":true,"href":"https:\/\/osmangaziokullari.com\/yildirim-k\/wp-json\/wp\/v2\/tags?post=6256"}],"curies":[{"name":"wp","href":"https:\/\/api.w.org\/{rel}","templated":true}]}}