{"id":3456,"date":"2020-10-02T15:31:44","date_gmt":"2020-10-02T15:31:44","guid":{"rendered":"https:\/\/osmangaziokullari.com\/yildirim-k\/?p=3456"},"modified":"2020-10-03T06:32:38","modified_gmt":"2020-10-03T06:32:38","slug":"her-alanda-uzaktan-egitim-mumkun-mu","status":"publish","type":"post","link":"https:\/\/osmangaziokullari.com\/yildirim-k\/her-alanda-uzaktan-egitim-mumkun-mu\/","title":{"rendered":"Her Alanda Uzaktan E\u011fitim M\u00fcmk\u00fcn m\u00fc?"},"content":{"rendered":"\n<p class=\"has-black-color has-text-color\">D\u00fcnyay\u0131 saran korona vir\u00fcs tehlikesinden dolay\u0131 23 Mart\u2019tan itibaren okullar tatil edildi ve uzaktan e\u011fitime ge\u00e7ildi. Peki, \u00f6\u011fretmenleri, \u00f6\u011frencileri ve velileriyle koskoca e\u011fitim camias\u0131 buna ne kadar haz\u0131rd\u0131?<\/p>\n\n\n\n<p><strong>\u00d6zel Osmangazi Okullar\u0131 Y\u0131ld\u0131r\u0131m Kamp\u00fcs\u00fc<\/strong> olarak, \u00f6\u011frenci veli ve \u00f6\u011fretmenlerimizin bu s\u00fcreci s\u00e2limen atlatabilmesi i\u00e7in h\u0131zl\u0131ca bir\u00e7ok \u00e7al\u0131\u015fma devreye al\u0131nd\u0131. Ya\u015fanan s\u00fcrecin hemen ba\u015f\u0131nda ilk i\u015f olarak kriz y\u00f6netimine ge\u00e7ilip risk analizi yap\u0131lm\u0131\u015f, \u00f6\u011fretmen, veli ve \u00f6\u011frencilerimizin sa\u011fl\u0131\u011f\u0131n\u0131 koruma ad\u0131na gerekli t\u00fcm bilgilendirme faaliyetleri ger\u00e7ekle\u015ftirilmi\u015ftir. Bu kapsamda salg\u0131nla ilgili yap\u0131lmas\u0131 gerekenler, al\u0131nacak \u00f6nlemler g\u00f6rsel materyaller \u00fcretilerek veli ve \u00f6\u011frencilerimize anlat\u0131lm\u0131\u015ft\u0131r. Ayr\u0131ca daha kuruldu\u011fu g\u00fcnden bug\u00fcne Web 2.0 ara\u00e7lar\u0131na ciddi yat\u0131r\u0131mlar yapan, t\u00fcm birimlerinde aktif olarak kullanan Y\u0131ld\u0131r\u0131m Kamp\u00fcs\u00fc, bu konuda \u00e7ekti\u011fi eme\u011fin ne kadar k\u0131ymetli oldu\u011funu bir kez daha hissettirdi. Temizlik<strong> <\/strong>ve hijyen a\u00e7\u0131s\u0131ndan belirli kriterler esas al\u0131narak denetlenmesi ile verilen Beyaz Bayrak ve Sertifika sahibi <strong>\u00d6zel Osmangazi Okullar\u0131 Y\u0131ld\u0131r\u0131m Kamp\u00fcs\u00fc<\/strong> olarak; personel, \u00f6\u011frenci ve velilerimize Covid-19 tan\u0131s\u0131 konulmam\u0131\u015f olmas\u0131 bu d\u00f6nemde bizler i\u00e7in ayr\u0131 bir mutluluk kayna\u011f\u0131 olmu\u015ftur.<\/p>\n\n\n\n<p>Alan\u0131nda uzman \u00f6\u011fretmenlerimizin online ders anlat\u0131mlar\u0131 ile \u00f6\u011frencilerimizin t\u00fcm ders \u00fcnite ve kazan\u0131mlar\u0131na sene ba\u015f\u0131nda haz\u0131rlanan y\u0131ll\u0131k plana uygun olarak aksakl\u0131\u011fa mahal vermeden ula\u015fmalar\u0131 sa\u011flanm\u0131\u015ft\u0131r. Ayr\u0131ca \u00f6\u011frencilerimizin yabanc\u0131 dil dahil bir\u00e7ok dijital e\u011fitim platformunun kullan\u0131m\u0131 ve dijital k\u00fct\u00fcphanelere \u00fccretsiz olarak ula\u015f\u0131m\u0131 temin edilmi\u015ftir. Rehberlik uygulamalar\u0131, dinlendiren ve e\u011flendiren etkinlikler, bire bir \u00f6\u011frenci ve veli g\u00f6r\u00fc\u015fmeleri, online denemeler ve veli toplant\u0131lar\u0131, ders takibi ve \u00f6devlendirmeler ile uzaktan e\u011fitim s\u00fcrecinde etkili ve \u00e7ok ba\u015far\u0131l\u0131 \u00e7al\u0131\u015fmalar ger\u00e7ekle\u015ftirilerek \u00f6\u011frenci ve veli memnuniyeti elde edilmi\u015ftir.<\/p>\n\n\n\n<p>\u015e\u00fcphesiz hissederek, yaparak-ya\u015fayarak \u00f6\u011frenmenin yerini ve bir \u00f6\u011freticinin g\u00f6zetimindeki y\u00fcz y\u00fcze e\u011fitimin samimiyetini yakalamak \u00e7ok g\u00fc\u00e7 olacak. <\/p>\n\n\n\n<p>Maruz kal\u0131nan uzaktan e\u011fitim \u00e7al\u0131\u015fmas\u0131yla g\u00f6r\u00fcld\u00fc ki hari\u00e7ten gazel okumakla e\u011fitim olmuyor. En az\u0131ndan her ders i\u00e7in. \u00c7\u00fcnk\u00fc ilmin baz\u0131 usul ve kaideleri vard\u0131r. O da bir e\u011fitim\/tedrisat atmosferinde, kendini bilen muallimlerin \u0131\u015f\u0131\u011f\u0131nda ve bizatihi g\u00f6zetiminde ders okumakt\u0131r. \u00d6\u011fretmen, hoca, muallim ne derseniz deyin; e\u011fitimin bu sars\u0131lmaz unsuru, her zaman \u00f6\u011frencinin yan\u0131 ba\u015f\u0131nda olmal\u0131d\u0131r.<\/p>\n","protected":false},"excerpt":{"rendered":"<p>D\u00fcnyay\u0131 saran korona vir\u00fcs tehlikesinden dolay\u0131 23 Mart\u2019tan itibaren okullar tatil edildi ve uzaktan e\u011fitime ge\u00e7ildi. Peki, \u00f6\u011fretmenleri, \u00f6\u011frencileri ve velileriyle koskoca e\u011fitim camias\u0131 buna ne kadar haz\u0131rd\u0131? \u00d6zel Osmangazi Okullar\u0131 Y\u0131ld\u0131r\u0131m Kamp\u00fcs\u00fc olarak, \u00f6\u011frenci veli ve \u00f6\u011fretmenlerimizin bu s\u00fcreci s\u00e2limen atlatabilmesi i\u00e7in h\u0131zl\u0131ca bir\u00e7ok \u00e7al\u0131\u015fma devreye al\u0131nd\u0131. Ya\u015fanan s\u00fcrecin hemen ba\u015f\u0131nda ilk i\u015f olarak [&#8230;]\n","protected":false},"author":4,"featured_media":3458,"comment_status":"open","ping_status":"open","sticky":false,"template":"","format":"standard","meta":{"footnotes":""},"categories":[37],"tags":[],"class_list":["post-3456","post","type-post","status-publish","format-standard","has-post-thumbnail","hentry","category-osmangazi-blog"],"_links":{"self":[{"href":"https:\/\/osmangaziokullari.com\/yildirim-k\/wp-json\/wp\/v2\/posts\/3456","targetHints":{"allow":["GET"]}}],"collection":[{"href":"https:\/\/osmangaziokullari.com\/yildirim-k\/wp-json\/wp\/v2\/posts"}],"about":[{"href":"https:\/\/osmangaziokullari.com\/yildirim-k\/wp-json\/wp\/v2\/types\/post"}],"author":[{"embeddable":true,"href":"https:\/\/osmangaziokullari.com\/yildirim-k\/wp-json\/wp\/v2\/users\/4"}],"replies":[{"embeddable":true,"href":"https:\/\/osmangaziokullari.com\/yildirim-k\/wp-json\/wp\/v2\/comments?post=3456"}],"version-history":[{"count":1,"href":"https:\/\/osmangaziokullari.com\/yildirim-k\/wp-json\/wp\/v2\/posts\/3456\/revisions"}],"predecessor-version":[{"id":3470,"href":"https:\/\/osmangaziokullari.com\/yildirim-k\/wp-json\/wp\/v2\/posts\/3456\/revisions\/3470"}],"wp:featuredmedia":[{"embeddable":true,"href":"https:\/\/osmangaziokullari.com\/yildirim-k\/wp-json\/wp\/v2\/media\/3458"}],"wp:attachment":[{"href":"https:\/\/osmangaziokullari.com\/yildirim-k\/wp-json\/wp\/v2\/media?parent=3456"}],"wp:term":[{"taxonomy":"category","embeddable":true,"href":"https:\/\/osmangaziokullari.com\/yildirim-k\/wp-json\/wp\/v2\/categories?post=3456"},{"taxonomy":"post_tag","embeddable":true,"href":"https:\/\/osmangaziokullari.com\/yildirim-k\/wp-json\/wp\/v2\/tags?post=3456"}],"curies":[{"name":"wp","href":"https:\/\/api.w.org\/{rel}","templated":true}]}}