{"id":3205,"date":"2020-10-06T09:34:44","date_gmt":"2020-10-06T09:34:44","guid":{"rendered":"https:\/\/osmangaziokullari.com\/camlica-k\/?p=3205"},"modified":"2020-10-06T09:57:06","modified_gmt":"2020-10-06T09:57:06","slug":"camlica-kampusu-eko-okul-calismalarina-devam-ediyor","status":"publish","type":"post","link":"https:\/\/osmangaziokullari.com\/camlica-k\/camlica-kampusu-eko-okul-calismalarina-devam-ediyor\/","title":{"rendered":"\u00c7AMLICA KAMP\u00dcS\u00dc EKO OKUL \u00c7ALI\u015eMALARINA DEVAM ED\u0130YOR"},"content":{"rendered":"\n<p><strong>Eko-Okullar<\/strong> Program\u0131 okul \u00f6ncesi ile ilk ve ortaokullarda \u00e7evre bilinci, \u00e7evre y\u00f6netimi ve s\u00fcrd\u00fcr\u00fclebilir kalk\u0131nma e\u011fitimi vermek i\u00e7in uygulanan bir programd\u0131r. Kat\u0131l\u0131mc\u0131 yakla\u015f\u0131m\u0131yla okullardaki \u00f6\u011frenciler hem \u00e7evresel konularda bilgi edinirler, hem de ailelerini, yerel y\u00f6netimleri ve sivil toplum kurulu\u015flar\u0131n\u0131 (STK) \u00e7evresel konularda bilin\u00e7lendirmede etkin rol al\u0131rlar. Program,okullarda <strong>ISO 14001\/EMAS<\/strong> \u00fczerine kurulmu\u015f bir \u00e7evre y\u00f6netim sisteminin uygulanmas\u0131n\u0131 da sa\u011flar.<\/p>\n\n\n\n<p>Bu \u00e7er\u00e7evede <strong>\u00d6zel Osmangazi \u00c7aml\u0131ca \u0130lkokulu<\/strong> olarak uzun y\u0131llard\u0131r Eko Okul olmaktan mutlu ve gururluyuz. 2020-2021 e\u011fitim &#8211; \u00f6\u011fretim y\u0131l\u0131nda da hem uzaktan hem de y\u00fcz y\u00fcze e\u011fitimde Eko Okul \u00e7al\u0131\u015fmalar\u0131m\u0131z devam etmektedir.<\/p>\n\n\n\n<p>Bu e\u011fitim \u00f6\u011fretim y\u0131l\u0131nda Eko Okul \u00e7al\u0131\u015fmalar\u0131 kapsam\u0131nda <strong>Osmangazi \u00c7aml\u0131ca \u0130lkokulu<\/strong> olarak diyoruz ki;<\/p>\n\n\n\n<ul><li>Ataca\u011f\u0131n\u0131z her ad\u0131m\u0131n do\u011faya etkisini g\u00f6z \u00f6n\u00fcne alarak ye\u015fil ya\u015fam\u0131 g\u00fcnl\u00fck hayat\u0131n\u0131z\u0131n bir par\u00e7as\u0131 haline getirin.<\/li><li>Hayat\u0131n\u0131zda enerjiyi verimli kullan\u0131n, do\u011fal ve temiz beslenmeye uzaktan e\u011fitim s\u00fcrecinde devam edin.<\/li><li>Tek kullan\u0131ml\u0131k \u00fcr\u00fcnleri hayat\u0131n\u0131zdan \u00e7\u0131kar\u0131n. Her t\u00fcrl\u00fc t\u00fcketiminizi k\u0131s\u0131n.<\/li><li>Ye\u015fil beslenin<\/li><li>Topra\u011fa dokunun<\/li><li>Y\u00fcr\u00fcy\u00fcn, geri d\u00f6n\u00fc\u015ft\u00fcr\u00fcn, ileri d\u00f6n\u00fc\u015ft\u00fcr\u00fcn ve enerjiyi verimli kullan\u0131n&#8230;<\/li><\/ul>\n\n\n\n<p>Eko-Okullar Program\u0131, okullara \u00e7evre e\u011fitimi konusunda yol g\u00f6sterici bir program sunmas\u0131n\u0131n yan\u0131 s\u0131ra; program dahilinde yapt\u0131klar\u0131 \u00e7al\u0131\u015fmalarda ve verdikleri \u00e7evre e\u011fitimiyle \u00fcst\u00fcn ba\u015far\u0131 sa\u011flam\u0131\u015f okullara <strong>Ye\u015fil Bayrak<\/strong> \u00f6d\u00fcl\u00fc vermesi nedeni ile ayn\u0131 zamanda bir \u00f6d\u00fcl plan\u0131 olma \u00f6zelli\u011fini de ta\u015f\u0131r. Ye\u015fil Bayrak<strong>,<\/strong> uluslararas\u0131 d\u00fczeyde tan\u0131nan ve sayg\u0131nl\u0131\u011f\u0131 olan, \u00e7evreye duyarl\u0131 okulu simgeleyen bir <strong>eko-etikettir.<\/strong>&nbsp;<\/p>\n\n\n\n<figure class=\"wp-block-gallery columns-2 is-cropped\"><ul class=\"blocks-gallery-grid\"><li class=\"blocks-gallery-item\"><figure><a href=\"https:\/\/osmangaziokullari.com\/camlica-k\/wp-content\/uploads\/2020\/10\/IMG_6262.jpg\"><img loading=\"lazy\" width=\"1024\" height=\"683\" src=\"https:\/\/osmangaziokullari.com\/camlica-k\/wp-content\/uploads\/2020\/10\/IMG_6262-1024x683.jpg\" alt=\"\" data-id=\"3207\" data-full-url=\"https:\/\/osmangaziokullari.com\/camlica-k\/wp-content\/uploads\/2020\/10\/IMG_6262.jpg\" data-link=\"https:\/\/osmangaziokullari.com\/camlica-k\/?attachment_id=3207#main\" class=\"wp-image-3207\" srcset=\"https:\/\/osmangaziokullari.com\/camlica-k\/wp-content\/uploads\/2020\/10\/IMG_6262-1024x683.jpg 1024w, https:\/\/osmangaziokullari.com\/camlica-k\/wp-content\/uploads\/2020\/10\/IMG_6262-300x200.jpg 300w, https:\/\/osmangaziokullari.com\/camlica-k\/wp-content\/uploads\/2020\/10\/IMG_6262-768x512.jpg 768w, https:\/\/osmangaziokullari.com\/camlica-k\/wp-content\/uploads\/2020\/10\/IMG_6262-1536x1024.jpg 1536w, https:\/\/osmangaziokullari.com\/camlica-k\/wp-content\/uploads\/2020\/10\/IMG_6262-2048x1365.jpg 2048w, https:\/\/osmangaziokullari.com\/camlica-k\/wp-content\/uploads\/2020\/10\/IMG_6262-510x340.jpg 510w, https:\/\/osmangaziokullari.com\/camlica-k\/wp-content\/uploads\/2020\/10\/IMG_6262.jpg 1600w\" sizes=\"(max-width: 1024px) 100vw, 1024px\" \/><\/a><\/figure><\/li><li class=\"blocks-gallery-item\"><figure><a href=\"https:\/\/osmangaziokullari.com\/camlica-k\/wp-content\/uploads\/2020\/10\/IMG_6264.jpg\"><img loading=\"lazy\" width=\"1024\" height=\"683\" src=\"https:\/\/osmangaziokullari.com\/camlica-k\/wp-content\/uploads\/2020\/10\/IMG_6264-1024x683.jpg\" alt=\"\" data-id=\"3206\" data-full-url=\"https:\/\/osmangaziokullari.com\/camlica-k\/wp-content\/uploads\/2020\/10\/IMG_6264.jpg\" data-link=\"https:\/\/osmangaziokullari.com\/camlica-k\/?attachment_id=3206#main\" class=\"wp-image-3206\" srcset=\"https:\/\/osmangaziokullari.com\/camlica-k\/wp-content\/uploads\/2020\/10\/IMG_6264-1024x683.jpg 1024w, https:\/\/osmangaziokullari.com\/camlica-k\/wp-content\/uploads\/2020\/10\/IMG_6264-300x200.jpg 300w, https:\/\/osmangaziokullari.com\/camlica-k\/wp-content\/uploads\/2020\/10\/IMG_6264-768x512.jpg 768w, https:\/\/osmangaziokullari.com\/camlica-k\/wp-content\/uploads\/2020\/10\/IMG_6264-1536x1024.jpg 1536w, https:\/\/osmangaziokullari.com\/camlica-k\/wp-content\/uploads\/2020\/10\/IMG_6264-2048x1365.jpg 2048w, https:\/\/osmangaziokullari.com\/camlica-k\/wp-content\/uploads\/2020\/10\/IMG_6264-510x340.jpg 510w, https:\/\/osmangaziokullari.com\/camlica-k\/wp-content\/uploads\/2020\/10\/IMG_6264.jpg 1600w\" sizes=\"(max-width: 1024px) 100vw, 1024px\" \/><\/a><\/figure><\/li><\/ul><\/figure>\n","protected":false},"excerpt":{"rendered":"<p>Eko-Okullar Program\u0131 okul \u00f6ncesi ile ilk ve ortaokullarda \u00e7evre bilinci, \u00e7evre y\u00f6netimi ve s\u00fcrd\u00fcr\u00fclebilir kalk\u0131nma e\u011fitimi vermek i\u00e7in uygulanan bir programd\u0131r. Kat\u0131l\u0131mc\u0131 yakla\u015f\u0131m\u0131yla okullardaki \u00f6\u011frenciler hem \u00e7evresel konularda bilgi edinirler, hem de ailelerini, yerel y\u00f6netimleri ve sivil toplum kurulu\u015flar\u0131n\u0131 (STK) \u00e7evresel konularda bilin\u00e7lendirmede etkin rol al\u0131rlar. Program,okullarda ISO 14001\/EMAS \u00fczerine kurulmu\u015f bir \u00e7evre y\u00f6netim sisteminin [&#8230;]\n","protected":false},"author":4,"featured_media":3207,"comment_status":"open","ping_status":"open","sticky":false,"template":"","format":"standard","meta":[],"categories":[35],"tags":[64,67,68],"_links":{"self":[{"href":"https:\/\/osmangaziokullari.com\/camlica-k\/wp-json\/wp\/v2\/posts\/3205"}],"collection":[{"href":"https:\/\/osmangaziokullari.com\/camlica-k\/wp-json\/wp\/v2\/posts"}],"about":[{"href":"https:\/\/osmangaziokullari.com\/camlica-k\/wp-json\/wp\/v2\/types\/post"}],"author":[{"embeddable":true,"href":"https:\/\/osmangaziokullari.com\/camlica-k\/wp-json\/wp\/v2\/users\/4"}],"replies":[{"embeddable":true,"href":"https:\/\/osmangaziokullari.com\/camlica-k\/wp-json\/wp\/v2\/comments?post=3205"}],"version-history":[{"count":1,"href":"https:\/\/osmangaziokullari.com\/camlica-k\/wp-json\/wp\/v2\/posts\/3205\/revisions"}],"predecessor-version":[{"id":3209,"href":"https:\/\/osmangaziokullari.com\/camlica-k\/wp-json\/wp\/v2\/posts\/3205\/revisions\/3209"}],"wp:featuredmedia":[{"embeddable":true,"href":"https:\/\/osmangaziokullari.com\/camlica-k\/wp-json\/wp\/v2\/media\/3207"}],"wp:attachment":[{"href":"https:\/\/osmangaziokullari.com\/camlica-k\/wp-json\/wp\/v2\/media?parent=3205"}],"wp:term":[{"taxonomy":"category","embeddable":true,"href":"https:\/\/osmangaziokullari.com\/camlica-k\/wp-json\/wp\/v2\/categories?post=3205"},{"taxonomy":"post_tag","embeddable":true,"href":"https:\/\/osmangaziokullari.com\/camlica-k\/wp-json\/wp\/v2\/tags?post=3205"}],"curies":[{"name":"wp","href":"https:\/\/api.w.org\/{rel}","templated":true}]}}